{"id":9173,"date":"2023-03-14T11:03:23","date_gmt":"2023-03-14T10:03:23","guid":{"rendered":"https:\/\/fundus.mp8dev.reea.net\/?p=9173&#038;lang=fr"},"modified":"2023-03-14T11:03:56","modified_gmt":"2023-03-14T10:03:56","slug":"cheval-du-vercors-de-barraquand","status":"publish","type":"post","link":"https:\/\/fundus.rsr.bio\/it\/cheval-du-vercors-de-barraquand\/","title":{"rendered":"Cheval du Vercors (de Barraquand)"},"content":{"rendered":"<p class=\"qtranxs-available-languages-message qtranxs-available-languages-message-it\">Ci spiace, ma questo articolo \u00e8 disponibile soltanto in <a href=\"https:\/\/fundus.rsr.bio\/fr\/wp-json\/wp\/v2\/posts\/9173\" class=\"qtranxs-available-language-link qtranxs-available-language-link-fr\" title=\"Fran\u00e7ais\">Fran\u00e7ais<\/a>.<\/p><p>Cheval du Vercors (de Barraquand)<\/p>\n<ul class=\"wpuf_customs\">            <li class=\"wpuf-field-data wpuf-field-data-textarea_field\">\n                                   <label>Utilisation:<\/label>\n                               <p>Cheval adapt\u00e9 au terrains difficiles telles que la pente, les pelouses d'altitude, les zones \u00e0 faible rentabilit\u00e9 agricole et au climat rude des Pr\u00e9alpes participant au maintien des espaces ouverts par le p\u00e2turage. Cheval remarquable par sa polyvalence au dressage, sa facilit\u00e9 de dressage et son caract\u00e8re facile.<\/p>\n            <\/li>\n         <\/ul>","protected":false},"excerpt":{"rendered":"<p>Ci spiace, ma questo articolo \u00e8 disponibile soltanto in Fran\u00e7ais.Cheval du Vercors (de Barraquand) Utilisation: Cheval adapt\u00e9 au terrains difficiles telles que la pente, les pelouses d&#8217;altitude, les zones \u00e0 faible rentabilit\u00e9 agricole et au climat rude des Pr\u00e9alpes participant au maintien des espaces ouverts par le p\u00e2turage. Cheval remarquable &#8230;<\/p>\n","protected":false},"author":101,"featured_media":0,"comment_status":"closed","ping_status":"open","sticky":false,"template":"","format":"standard","meta":{"_acf_changed":false,"footnotes":""},"categories":[10,138],"tags":[],"class_list":["post-9173","post","type-post","status-publish","format-standard","hentry","category-pferd","category-rhone-alpes"],"acf":[],"_links":{"self":[{"href":"https:\/\/fundus.rsr.bio\/it\/wp-json\/wp\/v2\/posts\/9173","targetHints":{"allow":["GET"]}}],"collection":[{"href":"https:\/\/fundus.rsr.bio\/it\/wp-json\/wp\/v2\/posts"}],"about":[{"href":"https:\/\/fundus.rsr.bio\/it\/wp-json\/wp\/v2\/types\/post"}],"author":[{"embeddable":true,"href":"https:\/\/fundus.rsr.bio\/it\/wp-json\/wp\/v2\/users\/101"}],"replies":[{"embeddable":true,"href":"https:\/\/fundus.rsr.bio\/it\/wp-json\/wp\/v2\/comments?post=9173"}],"version-history":[{"count":1,"href":"https:\/\/fundus.rsr.bio\/it\/wp-json\/wp\/v2\/posts\/9173\/revisions"}],"predecessor-version":[{"id":9174,"href":"https:\/\/fundus.rsr.bio\/it\/wp-json\/wp\/v2\/posts\/9173\/revisions\/9174"}],"wp:attachment":[{"href":"https:\/\/fundus.rsr.bio\/it\/wp-json\/wp\/v2\/media?parent=9173"}],"wp:term":[{"taxonomy":"category","embeddable":true,"href":"https:\/\/fundus.rsr.bio\/it\/wp-json\/wp\/v2\/categories?post=9173"},{"taxonomy":"post_tag","embeddable":true,"href":"https:\/\/fundus.rsr.bio\/it\/wp-json\/wp\/v2\/tags?post=9173"}],"curies":[{"name":"wp","href":"https:\/\/api.w.org\/{rel}","templated":true}]}}