{"id":1555,"date":"2015-07-01T16:18:20","date_gmt":"2015-07-01T15:18:20","guid":{"rendered":"http:\/\/fundus.mp8dev.reea.net\/labherstellung\/"},"modified":"2024-10-11T09:14:54","modified_gmt":"2024-10-11T08:14:54","slug":"labherstellung","status":"publish","type":"post","link":"https:\/\/fundus.rsr.bio\/sl\/labherstellung\/","title":{"rendered":"Labherstellung"},"content":{"rendered":"<ul class=\"wpuf_customs\">            <li class=\"wpuf-field-data wpuf-field-data-text_field\">\n                                    <label>L\u00e9gende de l&#039;image (fr):<\/label>\n                                Maturation de fromages \u00e0 base de lait de ch\u00e8vre bott\u00e9e_ProSpecieRara            <\/li>\n        <\/ul>","protected":false},"excerpt":{"rendered":"<p>L\u00e9gende de l&#039;image (fr): Maturation de fromages \u00e0 base de lait de ch\u00e8vre bott\u00e9e_ProSpecieRara<\/p>\n","protected":false},"author":99,"featured_media":0,"comment_status":"closed","ping_status":"open","sticky":false,"template":"","format":"standard","meta":{"_acf_changed":false,"footnotes":""},"categories":[135,145,139,148,136,131,140,125,149,5,147,141,142,126,150,127,132,151,128,143,137,138,152,133,156,153,157,33,154,144,134,146,155,129,130],"tags":[],"class_list":["post-1555","post","type-post","status-publish","format-standard","hentry","category-alsace","category-aosta","category-bolzano","category-burgenland","category-franche-compte","category-freiburg","category-friaul","category-region-lemanique","category-kaernten","category-kulturtechniken","category-liechtenstein","category-liguria","category-lombardia","category-mittelland","category-niederoesterreich","category-nordwestschweiz","category-oberbayern","category-oberoesterreich","category-ostschweiz","category-piemonte","category-provence-alpes-cote-dazur","category-rhone-alpes","category-salzburg","category-schwaben","category-slovenia","category-steiermark","category-ticino","category-tier","category-tirol","category-trentino","category-tuebingen","category-veneto","category-vorarlberg","category-zentralschweiz","category-zuerich"],"acf":[],"_links":{"self":[{"href":"https:\/\/fundus.rsr.bio\/sl\/wp-json\/wp\/v2\/posts\/1555","targetHints":{"allow":["GET"]}}],"collection":[{"href":"https:\/\/fundus.rsr.bio\/sl\/wp-json\/wp\/v2\/posts"}],"about":[{"href":"https:\/\/fundus.rsr.bio\/sl\/wp-json\/wp\/v2\/types\/post"}],"author":[{"embeddable":true,"href":"https:\/\/fundus.rsr.bio\/sl\/wp-json\/wp\/v2\/users\/99"}],"replies":[{"embeddable":true,"href":"https:\/\/fundus.rsr.bio\/sl\/wp-json\/wp\/v2\/comments?post=1555"}],"version-history":[{"count":21,"href":"https:\/\/fundus.rsr.bio\/sl\/wp-json\/wp\/v2\/posts\/1555\/revisions"}],"predecessor-version":[{"id":11380,"href":"https:\/\/fundus.rsr.bio\/sl\/wp-json\/wp\/v2\/posts\/1555\/revisions\/11380"}],"wp:attachment":[{"href":"https:\/\/fundus.rsr.bio\/sl\/wp-json\/wp\/v2\/media?parent=1555"}],"wp:term":[{"taxonomy":"category","embeddable":true,"href":"https:\/\/fundus.rsr.bio\/sl\/wp-json\/wp\/v2\/categories?post=1555"},{"taxonomy":"post_tag","embeddable":true,"href":"https:\/\/fundus.rsr.bio\/sl\/wp-json\/wp\/v2\/tags?post=1555"}],"curies":[{"name":"wp","href":"https:\/\/api.w.org\/{rel}","templated":true}]}}